{"id":2267,"date":"2026-08-11T12:48:52","date_gmt":"2026-08-11T10:48:52","guid":{"rendered":"https:\/\/www.karateclub-wyland.ch\/?p=2267"},"modified":"2026-08-11T12:57:08","modified_gmt":"2026-08-11T10:57:08","slug":"herzliche-gratulation-zu-den-bestandenen-orange-und-gruengurt-pruefungen","status":"publish","type":"post","link":"https:\/\/www.karateclub-wyland.ch\/?p=2267","title":{"rendered":"Herzliche Gratulation zu den bestandenen Orange- und Gr\u00fcngurt-Pr\u00fcfungen"},"content":{"rendered":"\n<p>Die Orange- und Gr\u00fcndgurt-Pr\u00fcfungen fanden am Mittwoch, den 08.07.26, statt. F\u00fcnf Kinder haben die Pr\u00fcfungen zum Organgegurt und 6 Kinder zum Gr\u00fcndgurt bestanden. Die Pr\u00fcfungen habe sie vor allem dank den regelm\u00e4ssigen Trainings und intensivem \u00dcben bestanden.<\/p>\n\n\n\n<p>Wir gratulieren allen Teilnehmenden ganz herzlich zu den bestandenen Pr\u00fcfungen!<\/p>\n","protected":false},"excerpt":{"rendered":"<p>Die Orange- und Gr\u00fcndgurt-Pr\u00fcfungen fanden am Mittwoch, den 08.07.26, statt. F\u00fcnf Kinder haben die Pr\u00fcfungen zum Organgegurt und 6 Kinder zum Gr\u00fcndgurt bestanden. Die Pr\u00fcfungen &hellip; <\/p>\n","protected":false},"author":2,"featured_media":2271,"comment_status":"closed","ping_status":"closed","sticky":false,"template":"","format":"standard","meta":{"_themeisle_gutenberg_block_has_review":false,"footnotes":""},"categories":[1],"tags":[],"class_list":["post-2267","post","type-post","status-publish","format-standard","has-post-thumbnail","hentry","category-uber-karate"],"_links":{"self":[{"href":"https:\/\/www.karateclub-wyland.ch\/index.php?rest_route=\/wp\/v2\/posts\/2267","targetHints":{"allow":["GET"]}}],"collection":[{"href":"https:\/\/www.karateclub-wyland.ch\/index.php?rest_route=\/wp\/v2\/posts"}],"about":[{"href":"https:\/\/www.karateclub-wyland.ch\/index.php?rest_route=\/wp\/v2\/types\/post"}],"author":[{"embeddable":true,"href":"https:\/\/www.karateclub-wyland.ch\/index.php?rest_route=\/wp\/v2\/users\/2"}],"replies":[{"embeddable":true,"href":"https:\/\/www.karateclub-wyland.ch\/index.php?rest_route=%2Fwp%2Fv2%2Fcomments&post=2267"}],"version-history":[{"count":3,"href":"https:\/\/www.karateclub-wyland.ch\/index.php?rest_route=\/wp\/v2\/posts\/2267\/revisions"}],"predecessor-version":[{"id":2276,"href":"https:\/\/www.karateclub-wyland.ch\/index.php?rest_route=\/wp\/v2\/posts\/2267\/revisions\/2276"}],"wp:featuredmedia":[{"embeddable":true,"href":"https:\/\/www.karateclub-wyland.ch\/index.php?rest_route=\/wp\/v2\/media\/2271"}],"wp:attachment":[{"href":"https:\/\/www.karateclub-wyland.ch\/index.php?rest_route=%2Fwp%2Fv2%2Fmedia&parent=2267"}],"wp:term":[{"taxonomy":"category","embeddable":true,"href":"https:\/\/www.karateclub-wyland.ch\/index.php?rest_route=%2Fwp%2Fv2%2Fcategories&post=2267"},{"taxonomy":"post_tag","embeddable":true,"href":"https:\/\/www.karateclub-wyland.ch\/index.php?rest_route=%2Fwp%2Fv2%2Ftags&post=2267"}],"curies":[{"name":"wp","href":"https:\/\/api.w.org\/{rel}","templated":true}]}}