{"id":2249,"date":"2026-05-15T15:45:10","date_gmt":"2026-05-15T13:45:10","guid":{"rendered":"https:\/\/www.karateclub-wyland.ch\/?p=2249"},"modified":"2026-05-15T15:48:29","modified_gmt":"2026-05-15T13:48:29","slug":"osterlager-2026-in-muerren","status":"publish","type":"post","link":"https:\/\/www.karateclub-wyland.ch\/?p=2249","title":{"rendered":"Osterlager 2026 in M\u00fcrren"},"content":{"rendered":"\n<p>Vom 3. April 2026 bis 5. April 2026 hat das traditionelle Osterlager &#8222;Yama Gasshuku&#8220; in M\u00fcrren stattgefunden. 14 Karatekas vom Karate Club Wyland haben am traditionellen Osterlager teilgenommen. Zusammen mit vielen anderen Karatekas aus der ganzen Schweiz haben wir 3 x pro Tag intensiv trainiert.<\/p>\n\n\n\n<p>Dank dem japanischen Instruktor Sensei Kurihara aus Japan und den bekannten Schweizer Instruktoren konnten wir von vielen technischen Inputs profitieren. <\/p>\n\n\n\n<p>Weil das Osterlager 2026 mit vielen sch\u00f6nen Erinnerungen schon der Vergangenheit angeh\u00f6rt, denken wir bereits an das Osterlager 2027 das wieder in M\u00fcrren im April 2027 stattfinden wird. Wahrscheinlich wird Kurihara Sensei wieder dabei sein.<\/p>\n\n\n\n<figure class=\"wp-block-image size-large\"><a href=\"https:\/\/www.karateclub-wyland.ch\/wp-content\/uploads\/2026\/05\/OLA-2026_2.jpg\"><img loading=\"lazy\" decoding=\"async\" width=\"1024\" height=\"768\" src=\"https:\/\/www.karateclub-wyland.ch\/wp-content\/uploads\/2026\/05\/OLA-2026_2-1024x768.jpg\" alt=\"\" class=\"wp-image-2251\" srcset=\"https:\/\/www.karateclub-wyland.ch\/wp-content\/uploads\/2026\/05\/OLA-2026_2-1024x768.jpg 1024w, https:\/\/www.karateclub-wyland.ch\/wp-content\/uploads\/2026\/05\/OLA-2026_2-300x225.jpg 300w, https:\/\/www.karateclub-wyland.ch\/wp-content\/uploads\/2026\/05\/OLA-2026_2-768x576.jpg 768w, https:\/\/www.karateclub-wyland.ch\/wp-content\/uploads\/2026\/05\/OLA-2026_2.jpg 1280w\" sizes=\"auto, (max-width: 1024px) 100vw, 1024px\" \/><\/a><\/figure>\n\n\n\n<figure class=\"wp-block-gallery has-nested-images columns-default is-cropped wp-block-gallery-1 is-layout-flex wp-block-gallery-is-layout-flex\">\n<figure class=\"wp-block-image size-large\"><a href=\"https:\/\/www.karateclub-wyland.ch\/wp-content\/uploads\/2026\/05\/OLA-2026_3.jpg\"><img loading=\"lazy\" decoding=\"async\" width=\"1024\" height=\"768\" data-id=\"2254\" src=\"https:\/\/www.karateclub-wyland.ch\/wp-content\/uploads\/2026\/05\/OLA-2026_3-1024x768.jpg\" alt=\"\" class=\"wp-image-2254\" srcset=\"https:\/\/www.karateclub-wyland.ch\/wp-content\/uploads\/2026\/05\/OLA-2026_3-1024x768.jpg 1024w, https:\/\/www.karateclub-wyland.ch\/wp-content\/uploads\/2026\/05\/OLA-2026_3-300x225.jpg 300w, https:\/\/www.karateclub-wyland.ch\/wp-content\/uploads\/2026\/05\/OLA-2026_3-768x576.jpg 768w, https:\/\/www.karateclub-wyland.ch\/wp-content\/uploads\/2026\/05\/OLA-2026_3.jpg 1280w\" sizes=\"auto, (max-width: 1024px) 100vw, 1024px\" \/><\/a><\/figure>\n<\/figure>\n\n\n\n<p><\/p>\n","protected":false},"excerpt":{"rendered":"<p>Vom 3. April 2026 bis 5. April 2026 hat das traditionelle Osterlager &#8222;Yama Gasshuku&#8220; in M\u00fcrren stattgefunden. 14 Karatekas vom Karate Club Wyland haben am &hellip; <\/p>\n","protected":false},"author":2,"featured_media":2250,"comment_status":"closed","ping_status":"closed","sticky":false,"template":"","format":"standard","meta":{"_themeisle_gutenberg_block_has_review":false,"footnotes":""},"categories":[1],"tags":[],"class_list":["post-2249","post","type-post","status-publish","format-standard","has-post-thumbnail","hentry","category-uber-karate"],"_links":{"self":[{"href":"https:\/\/www.karateclub-wyland.ch\/index.php?rest_route=\/wp\/v2\/posts\/2249","targetHints":{"allow":["GET"]}}],"collection":[{"href":"https:\/\/www.karateclub-wyland.ch\/index.php?rest_route=\/wp\/v2\/posts"}],"about":[{"href":"https:\/\/www.karateclub-wyland.ch\/index.php?rest_route=\/wp\/v2\/types\/post"}],"author":[{"embeddable":true,"href":"https:\/\/www.karateclub-wyland.ch\/index.php?rest_route=\/wp\/v2\/users\/2"}],"replies":[{"embeddable":true,"href":"https:\/\/www.karateclub-wyland.ch\/index.php?rest_route=%2Fwp%2Fv2%2Fcomments&post=2249"}],"version-history":[{"count":3,"href":"https:\/\/www.karateclub-wyland.ch\/index.php?rest_route=\/wp\/v2\/posts\/2249\/revisions"}],"predecessor-version":[{"id":2256,"href":"https:\/\/www.karateclub-wyland.ch\/index.php?rest_route=\/wp\/v2\/posts\/2249\/revisions\/2256"}],"wp:featuredmedia":[{"embeddable":true,"href":"https:\/\/www.karateclub-wyland.ch\/index.php?rest_route=\/wp\/v2\/media\/2250"}],"wp:attachment":[{"href":"https:\/\/www.karateclub-wyland.ch\/index.php?rest_route=%2Fwp%2Fv2%2Fmedia&parent=2249"}],"wp:term":[{"taxonomy":"category","embeddable":true,"href":"https:\/\/www.karateclub-wyland.ch\/index.php?rest_route=%2Fwp%2Fv2%2Fcategories&post=2249"},{"taxonomy":"post_tag","embeddable":true,"href":"https:\/\/www.karateclub-wyland.ch\/index.php?rest_route=%2Fwp%2Fv2%2Ftags&post=2249"}],"curies":[{"name":"wp","href":"https:\/\/api.w.org\/{rel}","templated":true}]}}