{"id":2170,"date":"2025-05-26T16:14:20","date_gmt":"2025-05-26T14:14:20","guid":{"rendered":"https:\/\/www.karateclub-wyland.ch\/?p=2170"},"modified":"2025-05-26T16:14:22","modified_gmt":"2025-05-26T14:14:22","slug":"schweiz-bewegt-2025-der-karateclub-wyland-machte-mit","status":"publish","type":"post","link":"https:\/\/www.karateclub-wyland.ch\/?p=2170","title":{"rendered":"Schweiz bewegt 2025 \u2013 der Karateclub Wyland machte mit!"},"content":{"rendered":"\n<p>Am 21. Mai 2025 fand zwischen 19.30 und 21.00 Uhr das Karateschnuppertraining im Rahmen vom Coop Gemeindeduell &#8222;Schweiz bewegt&#8220; in Dachsen in der Turnhalle statt.<\/p>\n\n\n\n<p>Es nahmen 12 Personen am Karate-Schnuppertraining teil. Der Trainer, Urs Leutenegger, lehrte den Teilnehmenden etwas \u00fcber die Entstehung vom Karate, dar\u00fcber, dass Karate sich f\u00fcr jedes Alter eignet, und dass es auch bei der Selbstverteidigung helfen kann. Sie erhielten einen Einblick ins Karatetraining sowie n\u00fctzliche Tipps und Tricks zur Selbstverteidigung. Es hat allen sehr viel Spass bereitet!<\/p>\n\n\n\n<figure class=\"wp-block-gallery has-nested-images columns-default is-cropped wp-block-gallery-1 is-layout-flex wp-block-gallery-is-layout-flex\">\n<figure class=\"wp-block-image size-large\"><a href=\"https:\/\/www.karateclub-wyland.ch\/wp-content\/uploads\/2025\/05\/WhatsApp-Image-2025-05-21-at-21.53.09.jpeg\"><img loading=\"lazy\" decoding=\"async\" width=\"1024\" height=\"768\" data-id=\"2177\" src=\"https:\/\/www.karateclub-wyland.ch\/wp-content\/uploads\/2025\/05\/WhatsApp-Image-2025-05-21-at-21.53.09-1024x768.jpeg\" alt=\"\" class=\"wp-image-2177\" srcset=\"https:\/\/www.karateclub-wyland.ch\/wp-content\/uploads\/2025\/05\/WhatsApp-Image-2025-05-21-at-21.53.09-1024x768.jpeg 1024w, https:\/\/www.karateclub-wyland.ch\/wp-content\/uploads\/2025\/05\/WhatsApp-Image-2025-05-21-at-21.53.09-300x225.jpeg 300w, https:\/\/www.karateclub-wyland.ch\/wp-content\/uploads\/2025\/05\/WhatsApp-Image-2025-05-21-at-21.53.09-768x576.jpeg 768w, https:\/\/www.karateclub-wyland.ch\/wp-content\/uploads\/2025\/05\/WhatsApp-Image-2025-05-21-at-21.53.09-1536x1152.jpeg 1536w, https:\/\/www.karateclub-wyland.ch\/wp-content\/uploads\/2025\/05\/WhatsApp-Image-2025-05-21-at-21.53.09.jpeg 2040w\" sizes=\"auto, (max-width: 1024px) 100vw, 1024px\" \/><\/a><\/figure>\n\n\n\n<figure class=\"wp-block-image size-large\"><a href=\"https:\/\/www.karateclub-wyland.ch\/wp-content\/uploads\/2025\/05\/WhatsApp-Image-2025-05-21-at-21.52.471.jpeg\"><img loading=\"lazy\" decoding=\"async\" width=\"1024\" height=\"768\" data-id=\"2179\" src=\"https:\/\/www.karateclub-wyland.ch\/wp-content\/uploads\/2025\/05\/WhatsApp-Image-2025-05-21-at-21.52.471-1024x768.jpeg\" alt=\"\" class=\"wp-image-2179\" srcset=\"https:\/\/www.karateclub-wyland.ch\/wp-content\/uploads\/2025\/05\/WhatsApp-Image-2025-05-21-at-21.52.471-1024x768.jpeg 1024w, https:\/\/www.karateclub-wyland.ch\/wp-content\/uploads\/2025\/05\/WhatsApp-Image-2025-05-21-at-21.52.471-300x225.jpeg 300w, https:\/\/www.karateclub-wyland.ch\/wp-content\/uploads\/2025\/05\/WhatsApp-Image-2025-05-21-at-21.52.471-768x576.jpeg 768w, https:\/\/www.karateclub-wyland.ch\/wp-content\/uploads\/2025\/05\/WhatsApp-Image-2025-05-21-at-21.52.471-1536x1152.jpeg 1536w, https:\/\/www.karateclub-wyland.ch\/wp-content\/uploads\/2025\/05\/WhatsApp-Image-2025-05-21-at-21.52.471.jpeg 2040w\" sizes=\"auto, (max-width: 1024px) 100vw, 1024px\" \/><\/a><\/figure>\n\n\n\n<figure class=\"wp-block-image size-large\"><a href=\"https:\/\/www.karateclub-wyland.ch\/wp-content\/uploads\/2025\/05\/WhatsApp-Image-2025-05-21-at-21.52.472.jpeg\"><img loading=\"lazy\" decoding=\"async\" width=\"1024\" height=\"768\" data-id=\"2178\" src=\"https:\/\/www.karateclub-wyland.ch\/wp-content\/uploads\/2025\/05\/WhatsApp-Image-2025-05-21-at-21.52.472-1024x768.jpeg\" alt=\"\" class=\"wp-image-2178\" srcset=\"https:\/\/www.karateclub-wyland.ch\/wp-content\/uploads\/2025\/05\/WhatsApp-Image-2025-05-21-at-21.52.472-1024x768.jpeg 1024w, https:\/\/www.karateclub-wyland.ch\/wp-content\/uploads\/2025\/05\/WhatsApp-Image-2025-05-21-at-21.52.472-300x225.jpeg 300w, https:\/\/www.karateclub-wyland.ch\/wp-content\/uploads\/2025\/05\/WhatsApp-Image-2025-05-21-at-21.52.472-768x576.jpeg 768w, https:\/\/www.karateclub-wyland.ch\/wp-content\/uploads\/2025\/05\/WhatsApp-Image-2025-05-21-at-21.52.472-1536x1152.jpeg 1536w, https:\/\/www.karateclub-wyland.ch\/wp-content\/uploads\/2025\/05\/WhatsApp-Image-2025-05-21-at-21.52.472.jpeg 2040w\" sizes=\"auto, (max-width: 1024px) 100vw, 1024px\" \/><\/a><\/figure>\n<\/figure>\n\n\n\n<figure class=\"wp-block-gallery has-nested-images columns-default is-cropped wp-block-gallery-2 is-layout-flex wp-block-gallery-is-layout-flex\">\n<figure class=\"wp-block-image size-large\"><a href=\"https:\/\/www.karateclub-wyland.ch\/wp-content\/uploads\/2025\/05\/WhatsApp-Image-2025-05-21-at-21.52.44.jpeg\"><img loading=\"lazy\" decoding=\"async\" width=\"1024\" height=\"768\" data-id=\"2180\" src=\"https:\/\/www.karateclub-wyland.ch\/wp-content\/uploads\/2025\/05\/WhatsApp-Image-2025-05-21-at-21.52.44-1024x768.jpeg\" alt=\"\" class=\"wp-image-2180\" srcset=\"https:\/\/www.karateclub-wyland.ch\/wp-content\/uploads\/2025\/05\/WhatsApp-Image-2025-05-21-at-21.52.44-1024x768.jpeg 1024w, https:\/\/www.karateclub-wyland.ch\/wp-content\/uploads\/2025\/05\/WhatsApp-Image-2025-05-21-at-21.52.44-300x225.jpeg 300w, https:\/\/www.karateclub-wyland.ch\/wp-content\/uploads\/2025\/05\/WhatsApp-Image-2025-05-21-at-21.52.44-768x576.jpeg 768w, https:\/\/www.karateclub-wyland.ch\/wp-content\/uploads\/2025\/05\/WhatsApp-Image-2025-05-21-at-21.52.44-1536x1152.jpeg 1536w, https:\/\/www.karateclub-wyland.ch\/wp-content\/uploads\/2025\/05\/WhatsApp-Image-2025-05-21-at-21.52.44.jpeg 2040w\" sizes=\"auto, (max-width: 1024px) 100vw, 1024px\" \/><\/a><\/figure>\n\n\n\n<figure class=\"wp-block-image size-large\"><a href=\"https:\/\/www.karateclub-wyland.ch\/wp-content\/uploads\/2025\/05\/WhatsApp-Image-2025-05-21-at-21.53.241.jpeg\"><img loading=\"lazy\" decoding=\"async\" width=\"1024\" height=\"768\" data-id=\"2175\" src=\"https:\/\/www.karateclub-wyland.ch\/wp-content\/uploads\/2025\/05\/WhatsApp-Image-2025-05-21-at-21.53.241-1024x768.jpeg\" alt=\"\" class=\"wp-image-2175\" srcset=\"https:\/\/www.karateclub-wyland.ch\/wp-content\/uploads\/2025\/05\/WhatsApp-Image-2025-05-21-at-21.53.241-1024x768.jpeg 1024w, https:\/\/www.karateclub-wyland.ch\/wp-content\/uploads\/2025\/05\/WhatsApp-Image-2025-05-21-at-21.53.241-300x225.jpeg 300w, https:\/\/www.karateclub-wyland.ch\/wp-content\/uploads\/2025\/05\/WhatsApp-Image-2025-05-21-at-21.53.241-768x576.jpeg 768w, https:\/\/www.karateclub-wyland.ch\/wp-content\/uploads\/2025\/05\/WhatsApp-Image-2025-05-21-at-21.53.241-1536x1152.jpeg 1536w, https:\/\/www.karateclub-wyland.ch\/wp-content\/uploads\/2025\/05\/WhatsApp-Image-2025-05-21-at-21.53.241.jpeg 2040w\" sizes=\"auto, (max-width: 1024px) 100vw, 1024px\" \/><\/a><\/figure>\n\n\n\n<figure class=\"wp-block-image size-large\"><a href=\"https:\/\/www.karateclub-wyland.ch\/wp-content\/uploads\/2025\/05\/WhatsApp-Image-2025-05-21-at-21.53.23.jpeg\"><img loading=\"lazy\" decoding=\"async\" width=\"1024\" height=\"768\" data-id=\"2176\" src=\"https:\/\/www.karateclub-wyland.ch\/wp-content\/uploads\/2025\/05\/WhatsApp-Image-2025-05-21-at-21.53.23-1024x768.jpeg\" alt=\"\" class=\"wp-image-2176\" srcset=\"https:\/\/www.karateclub-wyland.ch\/wp-content\/uploads\/2025\/05\/WhatsApp-Image-2025-05-21-at-21.53.23-1024x768.jpeg 1024w, https:\/\/www.karateclub-wyland.ch\/wp-content\/uploads\/2025\/05\/WhatsApp-Image-2025-05-21-at-21.53.23-300x225.jpeg 300w, https:\/\/www.karateclub-wyland.ch\/wp-content\/uploads\/2025\/05\/WhatsApp-Image-2025-05-21-at-21.53.23-768x576.jpeg 768w, https:\/\/www.karateclub-wyland.ch\/wp-content\/uploads\/2025\/05\/WhatsApp-Image-2025-05-21-at-21.53.23-1536x1152.jpeg 1536w, https:\/\/www.karateclub-wyland.ch\/wp-content\/uploads\/2025\/05\/WhatsApp-Image-2025-05-21-at-21.53.23.jpeg 2040w\" sizes=\"auto, (max-width: 1024px) 100vw, 1024px\" \/><\/a><\/figure>\n<\/figure>\n\n\n\n<figure class=\"wp-block-gallery has-nested-images columns-default is-cropped wp-block-gallery-3 is-layout-flex wp-block-gallery-is-layout-flex\">\n<figure class=\"wp-block-image size-large\"><a href=\"https:\/\/www.karateclub-wyland.ch\/wp-content\/uploads\/2025\/05\/WhatsApp-Image-2025-05-21-at-21.52.48.jpeg\"><img loading=\"lazy\" decoding=\"async\" width=\"1024\" height=\"768\" data-id=\"2182\" src=\"https:\/\/www.karateclub-wyland.ch\/wp-content\/uploads\/2025\/05\/WhatsApp-Image-2025-05-21-at-21.52.48-1024x768.jpeg\" alt=\"\" class=\"wp-image-2182\" srcset=\"https:\/\/www.karateclub-wyland.ch\/wp-content\/uploads\/2025\/05\/WhatsApp-Image-2025-05-21-at-21.52.48-1024x768.jpeg 1024w, https:\/\/www.karateclub-wyland.ch\/wp-content\/uploads\/2025\/05\/WhatsApp-Image-2025-05-21-at-21.52.48-300x225.jpeg 300w, https:\/\/www.karateclub-wyland.ch\/wp-content\/uploads\/2025\/05\/WhatsApp-Image-2025-05-21-at-21.52.48-768x576.jpeg 768w, https:\/\/www.karateclub-wyland.ch\/wp-content\/uploads\/2025\/05\/WhatsApp-Image-2025-05-21-at-21.52.48-1536x1152.jpeg 1536w, https:\/\/www.karateclub-wyland.ch\/wp-content\/uploads\/2025\/05\/WhatsApp-Image-2025-05-21-at-21.52.48.jpeg 2040w\" sizes=\"auto, (max-width: 1024px) 100vw, 1024px\" \/><\/a><\/figure>\n\n\n\n<figure class=\"wp-block-image size-large\"><a href=\"https:\/\/www.karateclub-wyland.ch\/wp-content\/uploads\/2025\/05\/WhatsApp-Image-2025-05-21-at-21.53.261-1.jpeg\"><img loading=\"lazy\" decoding=\"async\" width=\"1024\" height=\"768\" data-id=\"2172\" src=\"https:\/\/www.karateclub-wyland.ch\/wp-content\/uploads\/2025\/05\/WhatsApp-Image-2025-05-21-at-21.53.261-1-1024x768.jpeg\" alt=\"\" class=\"wp-image-2172\" srcset=\"https:\/\/www.karateclub-wyland.ch\/wp-content\/uploads\/2025\/05\/WhatsApp-Image-2025-05-21-at-21.53.261-1-1024x768.jpeg 1024w, https:\/\/www.karateclub-wyland.ch\/wp-content\/uploads\/2025\/05\/WhatsApp-Image-2025-05-21-at-21.53.261-1-300x225.jpeg 300w, https:\/\/www.karateclub-wyland.ch\/wp-content\/uploads\/2025\/05\/WhatsApp-Image-2025-05-21-at-21.53.261-1-768x576.jpeg 768w, https:\/\/www.karateclub-wyland.ch\/wp-content\/uploads\/2025\/05\/WhatsApp-Image-2025-05-21-at-21.53.261-1-1536x1152.jpeg 1536w, https:\/\/www.karateclub-wyland.ch\/wp-content\/uploads\/2025\/05\/WhatsApp-Image-2025-05-21-at-21.53.261-1.jpeg 2040w\" sizes=\"auto, (max-width: 1024px) 100vw, 1024px\" \/><\/a><\/figure>\n\n\n\n<figure class=\"wp-block-image size-large\"><a href=\"https:\/\/www.karateclub-wyland.ch\/wp-content\/uploads\/2025\/05\/WhatsApp-Image-2025-05-21-at-21.53.26.jpeg\"><img loading=\"lazy\" decoding=\"async\" width=\"1024\" height=\"768\" data-id=\"2173\" src=\"https:\/\/www.karateclub-wyland.ch\/wp-content\/uploads\/2025\/05\/WhatsApp-Image-2025-05-21-at-21.53.26-1024x768.jpeg\" alt=\"\" class=\"wp-image-2173\" srcset=\"https:\/\/www.karateclub-wyland.ch\/wp-content\/uploads\/2025\/05\/WhatsApp-Image-2025-05-21-at-21.53.26-1024x768.jpeg 1024w, https:\/\/www.karateclub-wyland.ch\/wp-content\/uploads\/2025\/05\/WhatsApp-Image-2025-05-21-at-21.53.26-300x225.jpeg 300w, https:\/\/www.karateclub-wyland.ch\/wp-content\/uploads\/2025\/05\/WhatsApp-Image-2025-05-21-at-21.53.26-768x576.jpeg 768w, https:\/\/www.karateclub-wyland.ch\/wp-content\/uploads\/2025\/05\/WhatsApp-Image-2025-05-21-at-21.53.26-1536x1152.jpeg 1536w, https:\/\/www.karateclub-wyland.ch\/wp-content\/uploads\/2025\/05\/WhatsApp-Image-2025-05-21-at-21.53.26.jpeg 2040w\" sizes=\"auto, (max-width: 1024px) 100vw, 1024px\" \/><\/a><\/figure>\n<\/figure>\n","protected":false},"excerpt":{"rendered":"<p>Am 21. Mai 2025 fand zwischen 19.30 und 21.00 Uhr das Karateschnuppertraining im Rahmen vom Coop Gemeindeduell &#8222;Schweiz bewegt&#8220; in Dachsen in der Turnhalle statt. &hellip; <\/p>\n","protected":false},"author":2,"featured_media":2171,"comment_status":"closed","ping_status":"closed","sticky":false,"template":"","format":"standard","meta":{"_themeisle_gutenberg_block_has_review":false,"footnotes":""},"categories":[1],"tags":[],"class_list":["post-2170","post","type-post","status-publish","format-standard","has-post-thumbnail","hentry","category-uber-karate"],"_links":{"self":[{"href":"https:\/\/www.karateclub-wyland.ch\/index.php?rest_route=\/wp\/v2\/posts\/2170","targetHints":{"allow":["GET"]}}],"collection":[{"href":"https:\/\/www.karateclub-wyland.ch\/index.php?rest_route=\/wp\/v2\/posts"}],"about":[{"href":"https:\/\/www.karateclub-wyland.ch\/index.php?rest_route=\/wp\/v2\/types\/post"}],"author":[{"embeddable":true,"href":"https:\/\/www.karateclub-wyland.ch\/index.php?rest_route=\/wp\/v2\/users\/2"}],"replies":[{"embeddable":true,"href":"https:\/\/www.karateclub-wyland.ch\/index.php?rest_route=%2Fwp%2Fv2%2Fcomments&post=2170"}],"version-history":[{"count":2,"href":"https:\/\/www.karateclub-wyland.ch\/index.php?rest_route=\/wp\/v2\/posts\/2170\/revisions"}],"predecessor-version":[{"id":2184,"href":"https:\/\/www.karateclub-wyland.ch\/index.php?rest_route=\/wp\/v2\/posts\/2170\/revisions\/2184"}],"wp:featuredmedia":[{"embeddable":true,"href":"https:\/\/www.karateclub-wyland.ch\/index.php?rest_route=\/wp\/v2\/media\/2171"}],"wp:attachment":[{"href":"https:\/\/www.karateclub-wyland.ch\/index.php?rest_route=%2Fwp%2Fv2%2Fmedia&parent=2170"}],"wp:term":[{"taxonomy":"category","embeddable":true,"href":"https:\/\/www.karateclub-wyland.ch\/index.php?rest_route=%2Fwp%2Fv2%2Fcategories&post=2170"},{"taxonomy":"post_tag","embeddable":true,"href":"https:\/\/www.karateclub-wyland.ch\/index.php?rest_route=%2Fwp%2Fv2%2Ftags&post=2170"}],"curies":[{"name":"wp","href":"https:\/\/api.w.org\/{rel}","templated":true}]}}