{"id":2142,"date":"2025-05-05T11:23:41","date_gmt":"2025-05-05T09:23:41","guid":{"rendered":"https:\/\/www.karateclub-wyland.ch\/?p=2142"},"modified":"2025-05-05T11:24:38","modified_gmt":"2025-05-05T09:24:38","slug":"osterlager-2025-in-muerren","status":"publish","type":"post","link":"https:\/\/www.karateclub-wyland.ch\/?p=2142","title":{"rendered":"Osterlager 2025 in M\u00fcrren"},"content":{"rendered":"\n<p>Vom 18. April 2025 bis 20. April 2025 hat das traditionelle Osterlager &#8222;Yama Gasshuku&#8220; in M\u00fcrren stattgefunden. 12 Karatekas vom Karate Club Wyland haben am traditionellen Osterlager teilgenommen. Zusammen mit vielen anderen Karatekas aus der ganzen Schweiz haben wir 3 x pro Tag intensiv trainiert.<\/p>\n\n\n\n<p>Dank dem japanischen Instruktor Sensei Kurihara aus Japan und den bekannten Schweizer Instruktoren konnten wir von vielen technischen Inputs profitieren. <\/p>\n\n\n\n<p>Weil das Osterlager 2025 mit vielen sch\u00f6nen Erinnerungen schon der Vergangenheit angeh\u00f6rt, denken wir bereits an das Osterlager 2026 das wieder in M\u00fcrren vom 3. April 2026 bis 5. April 2026 stattfinden wird. Wahrscheinlich wird Kurihara Sensei wieder dabei sein.<\/p>\n\n\n\n<figure class=\"wp-block-gallery has-nested-images columns-default is-cropped wp-block-gallery-1 is-layout-flex wp-block-gallery-is-layout-flex\">\n<figure class=\"wp-block-image size-large\"><a href=\"https:\/\/www.karateclub-wyland.ch\/wp-content\/uploads\/2025\/05\/WhatsApp-Image-2025-04-21-at-17.42.28-2-1.jpeg\"><img loading=\"lazy\" decoding=\"async\" width=\"1024\" height=\"768\" data-id=\"2149\" src=\"https:\/\/www.karateclub-wyland.ch\/wp-content\/uploads\/2025\/05\/WhatsApp-Image-2025-04-21-at-17.42.28-2-1-1024x768.jpeg\" alt=\"\" class=\"wp-image-2149\" srcset=\"https:\/\/www.karateclub-wyland.ch\/wp-content\/uploads\/2025\/05\/WhatsApp-Image-2025-04-21-at-17.42.28-2-1-1024x768.jpeg 1024w, https:\/\/www.karateclub-wyland.ch\/wp-content\/uploads\/2025\/05\/WhatsApp-Image-2025-04-21-at-17.42.28-2-1-300x225.jpeg 300w, https:\/\/www.karateclub-wyland.ch\/wp-content\/uploads\/2025\/05\/WhatsApp-Image-2025-04-21-at-17.42.28-2-1-768x576.jpeg 768w, https:\/\/www.karateclub-wyland.ch\/wp-content\/uploads\/2025\/05\/WhatsApp-Image-2025-04-21-at-17.42.28-2-1-1536x1152.jpeg 1536w, https:\/\/www.karateclub-wyland.ch\/wp-content\/uploads\/2025\/05\/WhatsApp-Image-2025-04-21-at-17.42.28-2-1.jpeg 2048w\" sizes=\"auto, (max-width: 1024px) 100vw, 1024px\" \/><\/a><\/figure>\n\n\n\n<figure class=\"wp-block-image size-large\"><a href=\"https:\/\/www.karateclub-wyland.ch\/wp-content\/uploads\/2025\/05\/WhatsApp-Image-2025-04-21-at-17.42.28-3.jpeg\"><img loading=\"lazy\" decoding=\"async\" width=\"1024\" height=\"768\" data-id=\"2148\" src=\"https:\/\/www.karateclub-wyland.ch\/wp-content\/uploads\/2025\/05\/WhatsApp-Image-2025-04-21-at-17.42.28-3-1024x768.jpeg\" alt=\"\" class=\"wp-image-2148\" srcset=\"https:\/\/www.karateclub-wyland.ch\/wp-content\/uploads\/2025\/05\/WhatsApp-Image-2025-04-21-at-17.42.28-3-1024x768.jpeg 1024w, https:\/\/www.karateclub-wyland.ch\/wp-content\/uploads\/2025\/05\/WhatsApp-Image-2025-04-21-at-17.42.28-3-300x225.jpeg 300w, https:\/\/www.karateclub-wyland.ch\/wp-content\/uploads\/2025\/05\/WhatsApp-Image-2025-04-21-at-17.42.28-3-768x576.jpeg 768w, https:\/\/www.karateclub-wyland.ch\/wp-content\/uploads\/2025\/05\/WhatsApp-Image-2025-04-21-at-17.42.28-3-1536x1152.jpeg 1536w, https:\/\/www.karateclub-wyland.ch\/wp-content\/uploads\/2025\/05\/WhatsApp-Image-2025-04-21-at-17.42.28-3.jpeg 2048w\" sizes=\"auto, (max-width: 1024px) 100vw, 1024px\" \/><\/a><\/figure>\n\n\n\n<figure class=\"wp-block-image size-large\"><a href=\"https:\/\/www.karateclub-wyland.ch\/wp-content\/uploads\/2025\/05\/WhatsApp-Image-2025-04-21-at-17.43.04-1.jpeg\"><img loading=\"lazy\" decoding=\"async\" width=\"1024\" height=\"768\" data-id=\"2150\" src=\"https:\/\/www.karateclub-wyland.ch\/wp-content\/uploads\/2025\/05\/WhatsApp-Image-2025-04-21-at-17.43.04-1-1024x768.jpeg\" alt=\"\" class=\"wp-image-2150\" srcset=\"https:\/\/www.karateclub-wyland.ch\/wp-content\/uploads\/2025\/05\/WhatsApp-Image-2025-04-21-at-17.43.04-1-1024x768.jpeg 1024w, https:\/\/www.karateclub-wyland.ch\/wp-content\/uploads\/2025\/05\/WhatsApp-Image-2025-04-21-at-17.43.04-1-300x225.jpeg 300w, https:\/\/www.karateclub-wyland.ch\/wp-content\/uploads\/2025\/05\/WhatsApp-Image-2025-04-21-at-17.43.04-1-768x576.jpeg 768w, https:\/\/www.karateclub-wyland.ch\/wp-content\/uploads\/2025\/05\/WhatsApp-Image-2025-04-21-at-17.43.04-1-1536x1152.jpeg 1536w, https:\/\/www.karateclub-wyland.ch\/wp-content\/uploads\/2025\/05\/WhatsApp-Image-2025-04-21-at-17.43.04-1.jpeg 2048w\" sizes=\"auto, (max-width: 1024px) 100vw, 1024px\" \/><\/a><\/figure>\n\n\n\n<figure class=\"wp-block-image size-large\"><a href=\"https:\/\/www.karateclub-wyland.ch\/wp-content\/uploads\/2025\/05\/WhatsApp-Image-2025-04-21-at-17.42.28-1-1.jpeg\"><img loading=\"lazy\" decoding=\"async\" width=\"1024\" height=\"768\" data-id=\"2147\" src=\"https:\/\/www.karateclub-wyland.ch\/wp-content\/uploads\/2025\/05\/WhatsApp-Image-2025-04-21-at-17.42.28-1-1-1024x768.jpeg\" alt=\"\" class=\"wp-image-2147\" srcset=\"https:\/\/www.karateclub-wyland.ch\/wp-content\/uploads\/2025\/05\/WhatsApp-Image-2025-04-21-at-17.42.28-1-1-1024x768.jpeg 1024w, https:\/\/www.karateclub-wyland.ch\/wp-content\/uploads\/2025\/05\/WhatsApp-Image-2025-04-21-at-17.42.28-1-1-300x225.jpeg 300w, https:\/\/www.karateclub-wyland.ch\/wp-content\/uploads\/2025\/05\/WhatsApp-Image-2025-04-21-at-17.42.28-1-1-768x576.jpeg 768w, https:\/\/www.karateclub-wyland.ch\/wp-content\/uploads\/2025\/05\/WhatsApp-Image-2025-04-21-at-17.42.28-1-1-1536x1152.jpeg 1536w, https:\/\/www.karateclub-wyland.ch\/wp-content\/uploads\/2025\/05\/WhatsApp-Image-2025-04-21-at-17.42.28-1-1.jpeg 2048w\" sizes=\"auto, (max-width: 1024px) 100vw, 1024px\" \/><\/a><\/figure>\n<\/figure>\n","protected":false},"excerpt":{"rendered":"<p>Vom 18. April 2025 bis 20. April 2025 hat das traditionelle Osterlager &#8222;Yama Gasshuku&#8220; in M\u00fcrren stattgefunden. 12 Karatekas vom Karate Club Wyland haben am &hellip; <\/p>\n","protected":false},"author":2,"featured_media":2145,"comment_status":"closed","ping_status":"closed","sticky":false,"template":"","format":"standard","meta":{"_themeisle_gutenberg_block_has_review":false,"footnotes":""},"categories":[29,1],"tags":[],"class_list":["post-2142","post","type-post","status-publish","format-standard","has-post-thumbnail","hentry","category-neuigkeiten","category-uber-karate"],"_links":{"self":[{"href":"https:\/\/www.karateclub-wyland.ch\/index.php?rest_route=\/wp\/v2\/posts\/2142","targetHints":{"allow":["GET"]}}],"collection":[{"href":"https:\/\/www.karateclub-wyland.ch\/index.php?rest_route=\/wp\/v2\/posts"}],"about":[{"href":"https:\/\/www.karateclub-wyland.ch\/index.php?rest_route=\/wp\/v2\/types\/post"}],"author":[{"embeddable":true,"href":"https:\/\/www.karateclub-wyland.ch\/index.php?rest_route=\/wp\/v2\/users\/2"}],"replies":[{"embeddable":true,"href":"https:\/\/www.karateclub-wyland.ch\/index.php?rest_route=%2Fwp%2Fv2%2Fcomments&post=2142"}],"version-history":[{"count":2,"href":"https:\/\/www.karateclub-wyland.ch\/index.php?rest_route=\/wp\/v2\/posts\/2142\/revisions"}],"predecessor-version":[{"id":2152,"href":"https:\/\/www.karateclub-wyland.ch\/index.php?rest_route=\/wp\/v2\/posts\/2142\/revisions\/2152"}],"wp:featuredmedia":[{"embeddable":true,"href":"https:\/\/www.karateclub-wyland.ch\/index.php?rest_route=\/wp\/v2\/media\/2145"}],"wp:attachment":[{"href":"https:\/\/www.karateclub-wyland.ch\/index.php?rest_route=%2Fwp%2Fv2%2Fmedia&parent=2142"}],"wp:term":[{"taxonomy":"category","embeddable":true,"href":"https:\/\/www.karateclub-wyland.ch\/index.php?rest_route=%2Fwp%2Fv2%2Fcategories&post=2142"},{"taxonomy":"post_tag","embeddable":true,"href":"https:\/\/www.karateclub-wyland.ch\/index.php?rest_route=%2Fwp%2Fv2%2Ftags&post=2142"}],"curies":[{"name":"wp","href":"https:\/\/api.w.org\/{rel}","templated":true}]}}