{"id":2117,"date":"2024-12-30T23:04:13","date_gmt":"2024-12-30T22:04:13","guid":{"rendered":"https:\/\/www.karateclub-wyland.ch\/?p=2117"},"modified":"2024-12-30T23:07:36","modified_gmt":"2024-12-30T22:07:36","slug":"einfuehrungskurs-fuer-kinder-2025","status":"publish","type":"post","link":"https:\/\/www.karateclub-wyland.ch\/?p=2117","title":{"rendered":"Einf\u00fchrungskurs f\u00fcr Kinder 2025"},"content":{"rendered":"\n<p>Der n\u00e4chste Einf\u00fchrungskurs f\u00fcr Kinder findet am <strong>15. Mai 2025<\/strong> in <strong>Uhwiesen<\/strong> von <strong>17.15 bis 18.00 Uhr<\/strong> in der <strong>Turnhalle<\/strong> <strong>1<\/strong> (Sekundarschulhaus, Z\u00f6llistrasse 18, Uhwiesen) statt.<br><br><strong>Interessiert?<\/strong><br>Anmeldung siehe Kontakt unten &#8211; wir freuen uns auf ganz viele Anmeldungen!<\/p>\n\n\n\n<hr class=\"wp-block-separator has-alpha-channel-opacity\"\/>\n\n\n\n<p><strong>\u00dcbrigens<\/strong><br>Ein <strong>Probetraining<\/strong> f\u00fcr <strong>Erwachsene<\/strong> ist auf Anfrage immer m\u00f6glich, siehe Kontakt unten.<\/p>\n\n\n\n<hr class=\"wp-block-separator has-alpha-channel-opacity\"\/>\n\n\n\n<h2 class=\"wp-block-heading\">Kontakt<\/h2>\n\n\n\n<figure class=\"wp-block-table\"><table><tbody><tr><td>Trainer<\/td><td>Urs Leutenegger, Jugend- und Sportleiter, 5. Dan<\/td><\/tr><tr><td>E-Mail<\/td><td>fam.leutenegger@bluewin.ch<\/td><\/tr><tr><td>Handy<\/td><td>+41 79 429 06 42<\/td><\/tr><tr><td>Festnetz<\/td><td>+41 52 654 30 31&nbsp;<\/td><\/tr><\/tbody><\/table><\/figure>\n\n\n\n<h2 class=\"wp-block-heading\">Flyer zum Einf\u00fchrungskurs<\/h2>\n\n\n\n<figure class=\"wp-block-image size-large\"><a href=\"https:\/\/www.karateclub-wyland.ch\/wp-content\/uploads\/2024\/12\/Einfuehrungskurs_Kinder_Uhwiesen_15.05.2025.jpg\"><img loading=\"lazy\" decoding=\"async\" width=\"791\" height=\"1024\" src=\"https:\/\/www.karateclub-wyland.ch\/wp-content\/uploads\/2024\/12\/Einfuehrungskurs_Kinder_Uhwiesen_15.05.2025-791x1024.jpg\" alt=\"\" class=\"wp-image-2119\" srcset=\"https:\/\/www.karateclub-wyland.ch\/wp-content\/uploads\/2024\/12\/Einfuehrungskurs_Kinder_Uhwiesen_15.05.2025-791x1024.jpg 791w, https:\/\/www.karateclub-wyland.ch\/wp-content\/uploads\/2024\/12\/Einfuehrungskurs_Kinder_Uhwiesen_15.05.2025-232x300.jpg 232w, https:\/\/www.karateclub-wyland.ch\/wp-content\/uploads\/2024\/12\/Einfuehrungskurs_Kinder_Uhwiesen_15.05.2025-768x994.jpg 768w, https:\/\/www.karateclub-wyland.ch\/wp-content\/uploads\/2024\/12\/Einfuehrungskurs_Kinder_Uhwiesen_15.05.2025-1187x1536.jpg 1187w, https:\/\/www.karateclub-wyland.ch\/wp-content\/uploads\/2024\/12\/Einfuehrungskurs_Kinder_Uhwiesen_15.05.2025.jpg 1224w\" sizes=\"auto, (max-width: 791px) 100vw, 791px\" \/><\/a><\/figure>\n\n\n\n<div class=\"wp-block-file\"><a id=\"wp-block-file--media-54c42d5f-0046-4965-8849-64701ab95939\" href=\"https:\/\/www.karateclub-wyland.ch\/wp-content\/uploads\/2024\/12\/Einfuehrungskurs_Kinder_Uhwiesen_15.05.2025.pdf\">Einf\u00fchrungskurs_Kinder_Uhwiesen_15.05.2025<\/a><a href=\"https:\/\/www.karateclub-wyland.ch\/wp-content\/uploads\/2024\/12\/Einfuehrungskurs_Kinder_Uhwiesen_15.05.2025.pdf\" class=\"wp-block-file__button wp-element-button\" download aria-describedby=\"wp-block-file--media-54c42d5f-0046-4965-8849-64701ab95939\">Herunterladen<\/a><\/div>\n","protected":false},"excerpt":{"rendered":"<p>Der n\u00e4chste Einf\u00fchrungskurs f\u00fcr Kinder findet am 15. Mai 2025 in Uhwiesen von 17.15 bis 18.00 Uhr in der Turnhalle 1 (Sekundarschulhaus, Z\u00f6llistrasse 18, Uhwiesen) &hellip; <\/p>\n","protected":false},"author":2,"featured_media":1088,"comment_status":"closed","ping_status":"closed","sticky":false,"template":"","format":"standard","meta":{"_themeisle_gutenberg_block_has_review":false,"footnotes":""},"categories":[1],"tags":[],"class_list":["post-2117","post","type-post","status-publish","format-standard","has-post-thumbnail","hentry","category-uber-karate"],"_links":{"self":[{"href":"https:\/\/www.karateclub-wyland.ch\/index.php?rest_route=\/wp\/v2\/posts\/2117","targetHints":{"allow":["GET"]}}],"collection":[{"href":"https:\/\/www.karateclub-wyland.ch\/index.php?rest_route=\/wp\/v2\/posts"}],"about":[{"href":"https:\/\/www.karateclub-wyland.ch\/index.php?rest_route=\/wp\/v2\/types\/post"}],"author":[{"embeddable":true,"href":"https:\/\/www.karateclub-wyland.ch\/index.php?rest_route=\/wp\/v2\/users\/2"}],"replies":[{"embeddable":true,"href":"https:\/\/www.karateclub-wyland.ch\/index.php?rest_route=%2Fwp%2Fv2%2Fcomments&post=2117"}],"version-history":[{"count":1,"href":"https:\/\/www.karateclub-wyland.ch\/index.php?rest_route=\/wp\/v2\/posts\/2117\/revisions"}],"predecessor-version":[{"id":2120,"href":"https:\/\/www.karateclub-wyland.ch\/index.php?rest_route=\/wp\/v2\/posts\/2117\/revisions\/2120"}],"wp:featuredmedia":[{"embeddable":true,"href":"https:\/\/www.karateclub-wyland.ch\/index.php?rest_route=\/wp\/v2\/media\/1088"}],"wp:attachment":[{"href":"https:\/\/www.karateclub-wyland.ch\/index.php?rest_route=%2Fwp%2Fv2%2Fmedia&parent=2117"}],"wp:term":[{"taxonomy":"category","embeddable":true,"href":"https:\/\/www.karateclub-wyland.ch\/index.php?rest_route=%2Fwp%2Fv2%2Fcategories&post=2117"},{"taxonomy":"post_tag","embeddable":true,"href":"https:\/\/www.karateclub-wyland.ch\/index.php?rest_route=%2Fwp%2Fv2%2Ftags&post=2117"}],"curies":[{"name":"wp","href":"https:\/\/api.w.org\/{rel}","templated":true}]}}