{"id":1755,"date":"2023-12-11T11:09:57","date_gmt":"2023-12-11T10:09:57","guid":{"rendered":"https:\/\/www.karateclub-wyland.ch\/?p=1755"},"modified":"2024-12-30T15:51:14","modified_gmt":"2024-12-30T14:51:14","slug":"herzliche-gratulation-zu-den-mit-bravour-bestandene-danpruefungen","status":"publish","type":"post","link":"https:\/\/www.karateclub-wyland.ch\/?p=1755","title":{"rendered":"Herzliche Gratulation zu den mit Bravour bestandenen Danpr\u00fcfungen 2023"},"content":{"rendered":"\n<p>Am <strong>10. Dezember 2023<\/strong> fanden in Lenzburg in den Dreifachturnhallen Angelrain die letzten diesj\u00e4hrigen Danpr\u00fcfungen statt. Unsere drei Instruktoren haben an diesem Tag ihre Pr\u00fcfungen abgelegt. <br><strong>Pascal Schoch<\/strong> und <strong>Devin Schweri<\/strong> haben ihre sehr guten Pr\u00fcfungen zu ihrem <strong>1. Dan<\/strong> (1. schwarzer Gurt) bestanden. <strong>Urs Leutenegger<\/strong> hat eine meisterhafte Pr\u00fcfung zum <strong>5. Dan<\/strong> bestanden.<\/p>\n\n\n\n<p>Wir sind sehr stolz darauf, dass unsere drei Dantr\u00e4gern und Instruktoren diese Meilensteine erreicht haben und gratulieren nochmals ganz herzlich zu diesem grossartigen Erfolg!<\/p>\n\n\n<div class=\"wp-block-image\">\n<figure class=\"alignleft size-large\"><a href=\"https:\/\/www.karateclub-wyland.ch\/wp-content\/uploads\/2023\/12\/IMG_20231210_172402-scaled.jpg\"><img loading=\"lazy\" decoding=\"async\" width=\"1024\" height=\"768\" src=\"https:\/\/www.karateclub-wyland.ch\/wp-content\/uploads\/2023\/12\/IMG_20231210_172402-1024x768.jpg\" alt=\"\" class=\"wp-image-1759\" srcset=\"https:\/\/www.karateclub-wyland.ch\/wp-content\/uploads\/2023\/12\/IMG_20231210_172402-1024x768.jpg 1024w, https:\/\/www.karateclub-wyland.ch\/wp-content\/uploads\/2023\/12\/IMG_20231210_172402-300x225.jpg 300w, https:\/\/www.karateclub-wyland.ch\/wp-content\/uploads\/2023\/12\/IMG_20231210_172402-768x576.jpg 768w, https:\/\/www.karateclub-wyland.ch\/wp-content\/uploads\/2023\/12\/IMG_20231210_172402-1536x1152.jpg 1536w, https:\/\/www.karateclub-wyland.ch\/wp-content\/uploads\/2023\/12\/IMG_20231210_172402-2048x1536.jpg 2048w, https:\/\/www.karateclub-wyland.ch\/wp-content\/uploads\/2023\/12\/IMG_20231210_172402-80x60.jpg 80w\" sizes=\"auto, (max-width: 1024px) 100vw, 1024px\" \/><\/a><figcaption class=\"wp-element-caption\">Unsere gl\u00fccklichen Teilnehmende der Dapr\u00fcfungen in Lenzburg nach ihren mit Bravour bestandenen Danpr\u00fcfungen: Pascal Schoch (links), Devin Schweri (Mitte) und Urs Leutenegger (rechts). (<em>Fotos: Marion Leutenegger<\/em>)<\/figcaption><\/figure>\n<\/div>\n\n\n<div style=\"height:74px\" aria-hidden=\"true\" class=\"wp-block-spacer\"><\/div>\n\n\n\n<div class=\"wp-block-buttons is-layout-flex wp-block-buttons-is-layout-flex\">\n<div class=\"wp-block-button\"><a class=\"wp-block-button__link has-white-color has-black-background-color has-text-color has-background has-link-color wp-element-button\" href=\"https:\/\/www.karateclub-wyland.ch\/?page_id=1186\">hier findest Du alle unsere Trainer*innen<\/a><\/div>\n<\/div>\n","protected":false},"excerpt":{"rendered":"<p>Am 10. Dezember 2023 fanden in Lenzburg in den Dreifachturnhallen Angelrain die letzten diesj\u00e4hrigen Danpr\u00fcfungen statt. Unsere drei Instruktoren haben an diesem Tag ihre Pr\u00fcfungen &hellip; <\/p>\n","protected":false},"author":2,"featured_media":1763,"comment_status":"closed","ping_status":"closed","sticky":false,"template":"","format":"standard","meta":{"_themeisle_gutenberg_block_has_review":false,"footnotes":""},"categories":[29,1],"tags":[40],"class_list":["post-1755","post","type-post","status-publish","format-standard","has-post-thumbnail","hentry","category-neuigkeiten","category-uber-karate","tag-danpruefung"],"_links":{"self":[{"href":"https:\/\/www.karateclub-wyland.ch\/index.php?rest_route=\/wp\/v2\/posts\/1755","targetHints":{"allow":["GET"]}}],"collection":[{"href":"https:\/\/www.karateclub-wyland.ch\/index.php?rest_route=\/wp\/v2\/posts"}],"about":[{"href":"https:\/\/www.karateclub-wyland.ch\/index.php?rest_route=\/wp\/v2\/types\/post"}],"author":[{"embeddable":true,"href":"https:\/\/www.karateclub-wyland.ch\/index.php?rest_route=\/wp\/v2\/users\/2"}],"replies":[{"embeddable":true,"href":"https:\/\/www.karateclub-wyland.ch\/index.php?rest_route=%2Fwp%2Fv2%2Fcomments&post=1755"}],"version-history":[{"count":21,"href":"https:\/\/www.karateclub-wyland.ch\/index.php?rest_route=\/wp\/v2\/posts\/1755\/revisions"}],"predecessor-version":[{"id":2093,"href":"https:\/\/www.karateclub-wyland.ch\/index.php?rest_route=\/wp\/v2\/posts\/1755\/revisions\/2093"}],"wp:featuredmedia":[{"embeddable":true,"href":"https:\/\/www.karateclub-wyland.ch\/index.php?rest_route=\/wp\/v2\/media\/1763"}],"wp:attachment":[{"href":"https:\/\/www.karateclub-wyland.ch\/index.php?rest_route=%2Fwp%2Fv2%2Fmedia&parent=1755"}],"wp:term":[{"taxonomy":"category","embeddable":true,"href":"https:\/\/www.karateclub-wyland.ch\/index.php?rest_route=%2Fwp%2Fv2%2Fcategories&post=1755"},{"taxonomy":"post_tag","embeddable":true,"href":"https:\/\/www.karateclub-wyland.ch\/index.php?rest_route=%2Fwp%2Fv2%2Ftags&post=1755"}],"curies":[{"name":"wp","href":"https:\/\/api.w.org\/{rel}","templated":true}]}}